{"id":1394,"date":"2020-06-05T19:27:30","date_gmt":"2020-06-05T17:27:30","guid":{"rendered":"https:\/\/ambpodgorica.esteri.it\/news\/dall_ambasciata\/2020\/06\/5-giugno-2020-informativa-urgente\/"},"modified":"2020-06-05T19:27:30","modified_gmt":"2020-06-05T17:27:30","slug":"5-giugno-2020-informativa-urgente","status":"publish","type":"post","link":"https:\/\/ambpodgorica.esteri.it\/it\/news\/dall_ambasciata\/2020\/06\/5-giugno-2020-informativa-urgente\/","title":{"rendered":"5 giugno 2020 &#8211; Informativa urgente ai connazionali"},"content":{"rendered":"<p>A seguito di primi chiarimenti ottenuti dalle autorit\u00e0 montenegrine, ad integrazione di quanto comunicato nell\u2019informativa del 4 giugno 2020, si comunica quanto segue:<\/p>\n<ul>\n<li>Si conferma che i cittadini italiani in possesso di permesso di soggiorno o lavoro montenegrino, <strong>purch\u00e9 in corso di validit\u00e0*<\/strong>, POSSONO entrare in Montenegro. Le autorit\u00e0 montenegrine hanno tuttavia chiarito che i cittadini gi\u00e0 in possesso di un permesso di soggiorno valido <span style=\"text-decoration: underline;\"><strong>devono comunque previamente\u00a0ottenere un\u2019autorizzazione all\u2019ingresso<\/strong><\/span>, da richiedere per il tramite di questa Ambasciata.<\/li>\n<li>I cittadini italiani che a causa dell\u2019emergenza epidemiologica e della sospensione dei collegamenti internazionali non hanno avuto la possibilit\u00e0 di lasciare il Paese entro i tempi previsti dalle normative montenegrine sull\u2019immigrazione, devono rivolgersi prima della partenza all\u2019ufficio per gli stranieri della stazione di Polizia del luogo in cui si trovano o nella citt\u00e0 pi\u00f9 vicina. Le<br \/>autorit\u00e0 montenegrine hanno comunicato che, in linea di principio, non vi sono ostacoli per quanto concerne l\u2019uscita dal Montenegro.<\/li>\n<li><strong>Per <span style=\"text-decoration: underline;\">ogni altro aspetto<\/span> si invita a tener presente quanto gi\u00e0 indicato nell\u2019avviso del 4 giugno, rimanendo valide le relative indicazioni.<\/strong><\/li>\n<\/ul>\n<p>&#8212;&#8212;&#8212;&#8212;&#8212;&#8212;&#8212;&#8212;&#8212;&#8212;&#8212;&#8212;&#8212;&#8212;&#8212;&#8212;&#8212;&#8212;&#8212;&#8212;-<\/p>\n<p>*NOTA BENE: I soli permessi montenegrini scaduti DURANTE L\u2019EMERGENZA COVID-19 sono stati rinnovati automaticamente da queste Autorit\u00e0 <span style=\"text-decoration: underline;\"><strong>sino al 1 luglio 2020<\/strong><\/span>. \u00c8 bene rivolgersi il prima possibile alle competenti Autorit\u00e0 locali per le pratiche di rinnovo ad evitare complicazioni ai sensi della normativa locale.<\/p>\n","protected":false},"excerpt":{"rendered":"A seguito di primi chiarimenti ottenuti dalle autorit\u00e0 montenegrine, ad integrazione di quanto comunicato nell\u2019informativa del 4 giugno 2020, si comunica quanto segue: Si conferma che i cittadini italiani in possesso di permesso di soggiorno o lavoro montenegrino, purch\u00e9 in corso di validit\u00e0*, POSSONO entrare in Montenegro. Le autorit\u00e0 montenegrine hanno tuttavia chiarito che i [&hellip;]","protected":false},"author":1,"featured_media":0,"comment_status":"","ping_status":"","sticky":false,"template":"","format":"standard","meta":{"footnotes":""},"tags":[],"class_list":["post-1394","post","type-post","status-publish","format-standard","hentry"],"_links":{"self":[{"href":"https:\/\/ambpodgorica.esteri.it\/it\/wp-json\/wp\/v2\/posts\/1394","targetHints":{"allow":["GET"]}}],"collection":[{"href":"https:\/\/ambpodgorica.esteri.it\/it\/wp-json\/wp\/v2\/posts"}],"about":[{"href":"https:\/\/ambpodgorica.esteri.it\/it\/wp-json\/wp\/v2\/types\/post"}],"author":[{"embeddable":true,"href":"https:\/\/ambpodgorica.esteri.it\/it\/wp-json\/wp\/v2\/users\/1"}],"replies":[{"embeddable":true,"href":"https:\/\/ambpodgorica.esteri.it\/it\/wp-json\/wp\/v2\/comments?post=1394"}],"version-history":[{"count":0,"href":"https:\/\/ambpodgorica.esteri.it\/it\/wp-json\/wp\/v2\/posts\/1394\/revisions"}],"wp:attachment":[{"href":"https:\/\/ambpodgorica.esteri.it\/it\/wp-json\/wp\/v2\/media?parent=1394"}],"wp:term":[{"taxonomy":"post_tag","embeddable":true,"href":"https:\/\/ambpodgorica.esteri.it\/it\/wp-json\/wp\/v2\/tags?post=1394"}],"curies":[{"name":"wp","href":"https:\/\/api.w.org\/{rel}","templated":true}]}}