{"id":1453,"date":"2020-04-16T20:59:07","date_gmt":"2020-04-16T18:59:07","guid":{"rendered":"https:\/\/ambpodgorica.esteri.it\/news\/dall_ambasciata\/2020\/04\/16-04-2020-comunicato-del-governo\/"},"modified":"2020-04-16T20:59:07","modified_gmt":"2020-04-16T18:59:07","slug":"16-04-2020-comunicato-del-governo","status":"publish","type":"post","link":"https:\/\/ambpodgorica.esteri.it\/it\/news\/dall_ambasciata\/2020\/04\/16-04-2020-comunicato-del-governo\/","title":{"rendered":"16.04.2020 &#8211; Comunicato in merito alla giornata di sabato 18 aprile"},"content":{"rendered":"<p><strong>Il Governo del Montenegro comunica:<\/strong><\/p>\n<p>&#8220;Nel rispetto delle necessit\u00e0 dei cittadini di organizzarsi per la Pasqua ortodossa, <strong>sabato 18 aprile<\/strong>\u00a0gli esercizi commerciali e i mercati nel Paese resteranno aperti <strong>fino alle ore 18<\/strong>.<\/p>\n<p>Allo stesso modo, sempre e <strong>solo sabato 18 aprile<\/strong> \u00e8 consentito uscire di casa <strong>fino alle ore 19<\/strong>, come nei giorni feriali.<\/p>\n<p><span style=\"text-decoration: underline;\"><strong>Si ribadisce che tale misura riguarda solo la giornata del 18 aprile<\/strong><\/span>.<\/p>\n<p>Inoltre, a causa dell&#8217;inosservanza dei provvedimenti adottati, il Governo comunica che saranno rafforzati ulteriormente i controlli da parte delle autorit\u00e0 di polizia competenti e che ciascuna violazione \u00e8 soggetta a responsabilit\u00e0 penale&#8221;.<\/p>\n","protected":false},"excerpt":{"rendered":"Il Governo del Montenegro comunica: &#8220;Nel rispetto delle necessit\u00e0 dei cittadini di organizzarsi per la Pasqua ortodossa, sabato 18 aprile\u00a0gli esercizi commerciali e i mercati nel Paese resteranno aperti fino alle ore 18. Allo stesso modo, sempre e solo sabato 18 aprile \u00e8 consentito uscire di casa fino alle ore 19, come nei giorni feriali. [&hellip;]","protected":false},"author":1,"featured_media":0,"comment_status":"","ping_status":"","sticky":false,"template":"","format":"standard","meta":{"footnotes":""},"tags":[],"class_list":["post-1453","post","type-post","status-publish","format-standard","hentry"],"_links":{"self":[{"href":"https:\/\/ambpodgorica.esteri.it\/it\/wp-json\/wp\/v2\/posts\/1453","targetHints":{"allow":["GET"]}}],"collection":[{"href":"https:\/\/ambpodgorica.esteri.it\/it\/wp-json\/wp\/v2\/posts"}],"about":[{"href":"https:\/\/ambpodgorica.esteri.it\/it\/wp-json\/wp\/v2\/types\/post"}],"author":[{"embeddable":true,"href":"https:\/\/ambpodgorica.esteri.it\/it\/wp-json\/wp\/v2\/users\/1"}],"replies":[{"embeddable":true,"href":"https:\/\/ambpodgorica.esteri.it\/it\/wp-json\/wp\/v2\/comments?post=1453"}],"version-history":[{"count":0,"href":"https:\/\/ambpodgorica.esteri.it\/it\/wp-json\/wp\/v2\/posts\/1453\/revisions"}],"wp:attachment":[{"href":"https:\/\/ambpodgorica.esteri.it\/it\/wp-json\/wp\/v2\/media?parent=1453"}],"wp:term":[{"taxonomy":"post_tag","embeddable":true,"href":"https:\/\/ambpodgorica.esteri.it\/it\/wp-json\/wp\/v2\/tags?post=1453"}],"curies":[{"name":"wp","href":"https:\/\/api.w.org\/{rel}","templated":true}]}}