{"id":1521,"date":"2020-03-12T17:56:14","date_gmt":"2020-03-12T16:56:14","guid":{"rendered":"https:\/\/ambpodgorica.esteri.it\/news\/dall_ambasciata\/2020\/03\/informativa-per-i-connazionali_0\/"},"modified":"2020-03-12T17:56:14","modified_gmt":"2020-03-12T16:56:14","slug":"informativa-per-i-connazionali_0","status":"publish","type":"post","link":"https:\/\/ambpodgorica.esteri.it\/it\/news\/dall_ambasciata\/2020\/03\/informativa-per-i-connazionali_0\/","title":{"rendered":"INFORMATIVA PER I CONNAZIONALI \u2013 MISURE PRECAUZIONALI"},"content":{"rendered":"<p><span style=\"text-decoration: underline;\">Con riferimento alla pandemia di COVID-19 dichiarata dall\u2019OMS, si ritiene opportuno invitare tutti i connazionali a <strong>SEGUIRE TUTTE LE<\/strong><br \/><strong>DISPOSIZIONI PRECAUZIONALI DIFFUSE DALLE COMPETENTI AUTORITA\u2019 MONTENEGRINE.<\/strong><\/span><\/p>\n<p>Gi\u00e0 nelle scorse settimane sono state annunciate e comunicate su tutti i media locali le misure precauzionali che queste Autorit\u00e0 indicano come opportune sulla base della SITUAZIONE esistente nel PAESE. Le stesse competenti Autorit\u00e0 hanno reiterato che AL<br \/>MOMENTO NON vi sono casi di COVID-19 nel Paese. Si ricorda che la situazione \u00e8 ovunque nel mondo in evoluzione e <strong>dunque<\/strong><br \/><strong>si consiglia di seguire con attenzione e regolarit\u00e0 le informazioni UFFICIALI diffuse da queste Autorit\u00e0 (di Governo e in particolare Ministero della Salute; Istituto per la salute pubblica del Montenegro <a href=\"http:\/\/www.ijzcg.me\/me\/covid-19\">www.ijzcg.me\/me\/covid-19<\/a>; OMS, Centro Europeo per il Controllo delle Malattie). DIFFIDARE DI INFORMAZIONI VIA SOCIAL O MEDIA o PORTALI <span style=\"text-decoration: underline;\">SE NON PROVENIENTI DALLE COMPETENTI AUTORITA\u2019 NAZIONALI O INTERNAZIONALI.<\/span><\/strong><\/p>\n<p><strong>Si invita a seguire tutte le raccomandazioni impartite da queste Autorit\u00e0, che corrispondono a quelle suggerite dall\u2019OMS:<\/strong><\/p>\n<p><em>&#8211; lavarsi spesso le mani con acqua e sapone in modo accurato (si allega apposito schema in italiano)<strong> o<\/strong> con soluzioni alcoliche, in ogni caso, ad esempio, dopo aver starnutito o tossito, prima e dopo aver curato un malato, prima, durante e dopo preparazione cibo, prima di mangiare, prima e dopo aver trattato ferite, sempre dopo l\u2019uso del bagno, dopo il cambio di pannolini, dopo aver gettato immondizia (elenco non esaustivo);<\/em><\/p>\n<p><em>&#8211; evitare di toccare gli occhi, il naso o la bocca con mani non lavate;<\/em><\/p>\n<p><em>&#8211; evitare contatti ravvicinati (<1 metro) con altre persone, in particolare se presentano sintomi (tosse, starnuti, ecc. si veda ultimo punto)<\/em><\/p>\n<p><em>&#8211; starnutire o tossire in un fazzoletto o con il gomito flesso e gettare i fazzoletti utilizzati in un cestino chiuso immediatamente dopo l&#8217;uso;<\/em><\/p>\n<p><em>&#8211; dovessero presentarsi sintomi di tipo influenzale (difficolt\u00e0 respiratorie, febbre, tosse secca, mal di gola), rimanere a casa e a scopo precauzionale informare <span style=\"text-decoration: underline;\">telefonicamente<\/span> le competenti autorit\u00e0 sanitarie montenegrine pi\u00f9 vicine ( in particolare \u00e8 disponibile anche il numero nazionale 020 412858 di questo Istituto di Salute Pubblica per eventuali informazioni o ricevere consigli, per l\u2019eventuale iter<\/em><br \/><em>diagnostico specifico, eventuali visite domiciliari, <span style=\"text-decoration: underline;\">rispettando intanto il disposto di rimanere a casa<\/span>.<\/em><\/p>\n<p>Si informa, ad ogni buon fine delle ulteriori raccomandazioni diffuse dal Ministero della Salute Italiano: <a href=\"http:\/\/www.salute.gov.it\/nuovocoronavirus\">www.salute.gov.it\/nuovocoronavirus<\/a>, <strong>ricordando che le condizioni epidemiologiche in Montenegro sono attualmente diverse<\/strong>.<\/p>\n<p><strong><span style=\"text-decoration: underline;\">Altri accorgimenti utili a non indebolire il sistema immunitario<\/span> sono<\/strong>:<\/p>\n<p>\u00a0<strong><span style=\"text-decoration: underline;\">&#8211; bere molta acqua, seguire una dieta bilanciata e dormire un numero di ore sufficienti per un adeguato riposo.<\/span><\/strong><\/p>\n<p><span style=\"text-decoration: underline;\"><strong>ATTENZIONE: le MASCHERINE chirurgiche, come indicato dall\u2019OMS, <\/strong><\/span><strong><span style=\"text-decoration: underline;\">da queste Autorit\u00e0, dal Ministero della Salute italiano<\/span> possono essere utili a diminuire le probabilit\u00e0 <\/strong><strong>di contagio a terzi solo per i sospetti malati \/malati o <\/strong><strong>per prestare assistenza a persone malate.<\/strong><\/p>\n<p>\u00a0<\/p>\n<p>SEGUONO ALLEGATI:<\/p>\n<p><a href=\"https:\/\/ambpodgorica.esteri.it\/wp-content\/uploads\/resource\/doc\/2020\/03\/come_lavarsi_le_mani.jpg\">https:\/\/ambpodgorica.esteri.it\/wp-content\/uploads\/resource\/doc\/2020\/03\/come_lavarsi_le_mani.jpg<\/a><\/p>\n<p><a href=\"https:\/\/ambpodgorica.esteri.it\/wp-content\/uploads\/resource\/doc\/2020\/03\/c_17_opuscoliposter_443_0_alleg.jpg\">https:\/\/ambpodgorica.esteri.it\/wp-content\/uploads\/resource\/doc\/2020\/03\/c_17_opuscoliposter_443_0_alleg.jpg<\/a><\/p>\n<p>\u00a0<\/p>\n<p>\u00a0<\/p>\n<p>\u00a0<\/p>\n","protected":false},"excerpt":{"rendered":"Con riferimento alla pandemia di COVID-19 dichiarata dall\u2019OMS, si ritiene opportuno invitare tutti i connazionali a SEGUIRE TUTTE LEDISPOSIZIONI PRECAUZIONALI DIFFUSE DALLE COMPETENTI AUTORITA\u2019 MONTENEGRINE. Gi\u00e0 nelle scorse settimane sono state annunciate e comunicate su tutti i media locali le misure precauzionali che queste Autorit\u00e0 indicano come opportune sulla base della SITUAZIONE esistente nel PAESE. [&hellip;]","protected":false},"author":1,"featured_media":0,"comment_status":"","ping_status":"","sticky":false,"template":"","format":"standard","meta":{"footnotes":""},"tags":[],"class_list":["post-1521","post","type-post","status-publish","format-standard","hentry"],"_links":{"self":[{"href":"https:\/\/ambpodgorica.esteri.it\/it\/wp-json\/wp\/v2\/posts\/1521","targetHints":{"allow":["GET"]}}],"collection":[{"href":"https:\/\/ambpodgorica.esteri.it\/it\/wp-json\/wp\/v2\/posts"}],"about":[{"href":"https:\/\/ambpodgorica.esteri.it\/it\/wp-json\/wp\/v2\/types\/post"}],"author":[{"embeddable":true,"href":"https:\/\/ambpodgorica.esteri.it\/it\/wp-json\/wp\/v2\/users\/1"}],"replies":[{"embeddable":true,"href":"https:\/\/ambpodgorica.esteri.it\/it\/wp-json\/wp\/v2\/comments?post=1521"}],"version-history":[{"count":0,"href":"https:\/\/ambpodgorica.esteri.it\/it\/wp-json\/wp\/v2\/posts\/1521\/revisions"}],"wp:attachment":[{"href":"https:\/\/ambpodgorica.esteri.it\/it\/wp-json\/wp\/v2\/media?parent=1521"}],"wp:term":[{"taxonomy":"post_tag","embeddable":true,"href":"https:\/\/ambpodgorica.esteri.it\/it\/wp-json\/wp\/v2\/tags?post=1521"}],"curies":[{"name":"wp","href":"https:\/\/api.w.org\/{rel}","templated":true}]}}