{"id":2111,"date":"2024-05-27T09:53:06","date_gmt":"2024-05-27T07:53:06","guid":{"rendered":"https:\/\/ambpodgorica.esteri.it\/?p=2111"},"modified":"2024-06-03T10:10:35","modified_gmt":"2024-06-03T08:10:35","slug":"concerto-neri-per-caso-podgorica-2-giugno-ore-20-00","status":"publish","type":"post","link":"https:\/\/ambpodgorica.esteri.it\/it\/news\/dall_ambasciata\/2024\/05\/concerto-neri-per-caso-podgorica-2-giugno-ore-20-00\/","title":{"rendered":"Concerto \u201cNeri per caso\u201d (Podgorica, 2 giugno, ore 20.00)"},"content":{"rendered":"<p style=\"text-align: justify;\">L\u2019Ambasciata d\u2019Italia ha il piacere di informare che &#8211; in occasione del 78\u00b0 Anniversario della Repubblica italiana &#8211; <strong>domenica 2 giugno<\/strong>, <strong>a partire dalle ore 20.00, si svolger\u00e0 a Podgorica, in piazza dell\u2019Indipendenza (Trg Nezavisnosti)<\/strong>, il <strong>primo concerto in Montenegro<\/strong> del gruppo italiano \u201c<strong>Neri per caso<\/strong>\u201d.<br \/>\nIl concerto \u00e8 organizzato in collaborazione con l\u2019<strong>Assessorato alla Cultura del Comune di Podgorica<\/strong>, nell\u2019ambito della manifestazione \u201c<strong>Estate di Podgorica<\/strong>\u201d.<\/p>\n<p style=\"text-align: justify;\">\u201cNeri per Caso\u201d \u00e8 il nome di un <strong>gruppo musicale italiano<\/strong>, fondato a Salerno nel 1991 e rinomato per le proprie esibizioni \u201c<strong>a cappella<\/strong>\u201d.<br \/>\nIl <strong>nome<\/strong> \u201cNeri per Caso\u201d nacque una sera in cui il cantautore Claudio Mattone, assistendo ad un\u2019esibizione del gruppo in un locale romano e vedendo tutti i cantanti vestiti di nero, con jeans e magliette nere, chiese loro il perch\u00e9 di quella scelta. Risposero che era un caso, cos\u00ec Mattone sugger\u00ec il nome di \u201cNeri per caso\u201d.<br \/>\nI \u201cNeri per Caso\u201d hanno iniziato la loro carriera cantando nei locali di Salerno, e sono diventati famosi in Italia con la partecipazione al <strong>Festival della Canzone Italiana di Sanremo<\/strong> (Sanremo Giovani), nel 1994, con la canzone \u201cDonne\u201d del celebre cantante Zucchero. Nell\u2019edizione del 1995, hanno vinto nella categoria &#8220;Nuove proposte\u201d con il brano \u201cLe ragazze\u201d, scritto da Mattone ed eseguito a cappella. Il loro primo album omonimo, con cover di famose canzoni italiane e due nuove canzoni, \u00e8 stato sei volte disco di platino. Il loro secondo album \u201cStrumenti\u201d \u00e8 uscito nel 1996, e le loro voci sono accompagnate da strumenti acustici, elettronici e percussioni (bicchieri, cucchiai, custodie di chitarra&#8230;), creando un&#8217;atmosfera specifica, diversa per ogni canzone. Con la canzone \u201cMai pi\u00f9 sola\u201d di Claudio Mattone, nel 1996, il gruppo ha partecipato nuovamente al Festival di Sanremo classificandosi al quinto posto.<br \/>\nDopo Sanremo, il gruppo, che nel <strong>2020<\/strong> ha festeggiato <strong>25 anni di carriera<\/strong>, ha collaborato con i pi\u00f9 grandi interpreti della musica italiana, raggiungendo i vertici delle classifiche di popolarit\u00e0, proprio per il modo unico con cui il virtuoso sestetto canta senza alcun accompagnamento musicale, sulla scia del successo del movimento americano noto come Doo-wop degli anni &#8217;50.<\/p>\n<p style=\"text-align: justify;\">L\u2019evento sar\u00e0 a <strong>ingresso libero<\/strong>.<br \/>\nSi ringraziano per la collaborazione, oltre all\u2019Assessorato alla Cultura del Comune di Podgorica e all\u2019Istituto di Cultura di Belgrado, gli <strong>sponsor<\/strong> dell\u2019Ambasciata d\u2019Italia: Terna Crna Gora, Domaca Trgovina, Suhih Design, Ocean Montenegro, Generali, Hyatt Regency Kotor, Pacorini, Porto Novi, Paradiso, Cioccolati Italiani, Expo Commerce, Cue Hotel, Tuegra e Regent Porto Montenegro.<\/p>\n","protected":false},"excerpt":{"rendered":"L\u2019Ambasciata d\u2019Italia ha il piacere di informare che &#8211; in occasione del 78\u00b0 Anniversario della Repubblica italiana &#8211; domenica 2 giugno, a partire dalle ore 20.00, si svolger\u00e0 a Podgorica, in piazza dell\u2019Indipendenza (Trg Nezavisnosti), il primo concerto in Montenegro del gruppo italiano \u201cNeri per caso\u201d. Il concerto \u00e8 organizzato in collaborazione con l\u2019Assessorato alla [&hellip;]","protected":false},"author":4,"featured_media":2113,"comment_status":"closed","ping_status":"closed","sticky":false,"template":"","format":"standard","meta":{"footnotes":""},"tags":[7],"class_list":["post-2111","post","type-post","status-publish","format-standard","has-post-thumbnail","hentry","tag-diplomazia-culturale"],"_links":{"self":[{"href":"https:\/\/ambpodgorica.esteri.it\/it\/wp-json\/wp\/v2\/posts\/2111","targetHints":{"allow":["GET"]}}],"collection":[{"href":"https:\/\/ambpodgorica.esteri.it\/it\/wp-json\/wp\/v2\/posts"}],"about":[{"href":"https:\/\/ambpodgorica.esteri.it\/it\/wp-json\/wp\/v2\/types\/post"}],"author":[{"embeddable":true,"href":"https:\/\/ambpodgorica.esteri.it\/it\/wp-json\/wp\/v2\/users\/4"}],"replies":[{"embeddable":true,"href":"https:\/\/ambpodgorica.esteri.it\/it\/wp-json\/wp\/v2\/comments?post=2111"}],"version-history":[{"count":2,"href":"https:\/\/ambpodgorica.esteri.it\/it\/wp-json\/wp\/v2\/posts\/2111\/revisions"}],"predecessor-version":[{"id":2158,"href":"https:\/\/ambpodgorica.esteri.it\/it\/wp-json\/wp\/v2\/posts\/2111\/revisions\/2158"}],"wp:featuredmedia":[{"embeddable":true,"href":"https:\/\/ambpodgorica.esteri.it\/it\/wp-json\/wp\/v2\/media\/2113"}],"wp:attachment":[{"href":"https:\/\/ambpodgorica.esteri.it\/it\/wp-json\/wp\/v2\/media?parent=2111"}],"wp:term":[{"taxonomy":"post_tag","embeddable":true,"href":"https:\/\/ambpodgorica.esteri.it\/it\/wp-json\/wp\/v2\/tags?post=2111"}],"curies":[{"name":"wp","href":"https:\/\/api.w.org\/{rel}","templated":true}]}}