{"id":4674,"date":"2025-12-04T14:31:36","date_gmt":"2025-12-04T13:31:36","guid":{"rendered":"https:\/\/ambpodgorica.esteri.it\/?p=4674"},"modified":"2025-12-05T10:41:19","modified_gmt":"2025-12-05T09:41:19","slug":"rassegna-cinematografica-cinema-made-in-italy","status":"publish","type":"post","link":"https:\/\/ambpodgorica.esteri.it\/it\/news\/dall_ambasciata\/2025\/12\/rassegna-cinematografica-cinema-made-in-italy\/","title":{"rendered":"Rassegna cinematografica Cinema Made in Italy"},"content":{"rendered":"<p style=\"text-align: justify;\">Dal 7 al 10 dicembre, presso il Cineplexx del Big Fashion di Podgorica, si svolger\u00e0 la tradizionale rassegna cinematografica <em>Cinema Made in Italy<\/em>.<\/p>\n<p style=\"text-align: justify;\">Nel corso della rassegna organizzata dall\u2019Istituto Italiano di Cultura di Belgrado e dall\u2019Ambasciata d\u2019Italia a Podgorica in collaborazione con Cinecitt\u00e0, uno dei pi\u00f9 importanti archivi cinematografici e fotografici d\u2019Europa, verranno presentate alcune tra le pi\u00f9 recenti opere del cinema italiano contemporaneo, incluse produzioni di registi emergenti e film selezionati in prestigiosi festival cinematografici.<\/p>\n<p style=\"text-align: justify;\">Quattro i film in programma:<\/p>\n<p style=\"text-align: justify;\"><strong>La citt\u00e0 proibita<\/strong>\u00a0(2025), regia di Gabriele Mainetti<\/p>\n<p style=\"text-align: justify;\"><em>Domenica 7 dicembre, ore 19.00<\/em><\/p>\n<p><strong>Tre ciotole<\/strong>\u00a0(2025), regia di Isabel Coixet<\/p>\n<p style=\"text-align: justify;\"><em>Luned\u00ec 8 dicembre, ore 19.00<\/em><\/p>\n<p style=\"text-align: justify;\"><strong>Il rapimento di Arabella<\/strong>\u00a0(2025), regia di Carolina Cavalli<\/p>\n<p style=\"text-align: justify;\"><em>Marted\u00ec 9 dicembre, ore 19.00<\/em><\/p>\n<p style=\"text-align: justify;\"><strong>Un anno di scuola\u00a0<\/strong>(2025), regia di Laura Samani<\/p>\n<p style=\"text-align: justify;\"><em>Mercoled\u00ec 10 dicembre, ore 19.00<\/em><\/p>\n<p style=\"text-align: justify;\">L\u2019ingresso alle proiezioni sar\u00e0 gratuito<\/p>\n<p style=\"text-align: justify;\">Cinecitt\u00e0 \u00e8 tra i pi\u00f9 rilevanti archivi cinematografici europei, custode di alcuni dei materiali pi\u00f9 significativi della produzione cinematografia europea e italiana. Si occupa della conservazione e valorizzazione dell\u2019Archivio Luce, un patrimonio visivo di valore universale che documenta la storia del XX secolo iscritto ed \u00e8 iscritto nel registro Memoria del Mondo dell\u2019UNESCO. Inoltre, Cinecitt\u00e0 gestisce i celebri Studi cinematografici e promuove il cinema italiano in qualit\u00e0 di membro dell\u2019European Film Promotion (EFP).<\/p>\n<p style=\"text-align: justify;\">L\u2019ingresso alle proiezioni sar\u00e0 gratuito e i film saranno in lingua originale con sottotitoli in lingua locale.<\/p>\n<p>Il Catalogo: <a href=\"https:\/\/ambpodgorica.esteri.it\/wp-content\/uploads\/2025\/12\/katalog-PODGORICA.pdf\">katalog PODGORICA<\/a><\/p>\n","protected":false},"excerpt":{"rendered":"Dal 7 al 10 dicembre, presso il Cineplexx del Big Fashion di Podgorica, si svolger\u00e0 la tradizionale rassegna cinematografica Cinema Made in Italy. Nel corso della rassegna organizzata dall\u2019Istituto Italiano di Cultura di Belgrado e dall\u2019Ambasciata d\u2019Italia a Podgorica in collaborazione con Cinecitt\u00e0, uno dei pi\u00f9 importanti archivi cinematografici e fotografici d\u2019Europa, verranno presentate alcune [&hellip;]","protected":false},"author":10,"featured_media":4697,"comment_status":"closed","ping_status":"closed","sticky":false,"template":"","format":"standard","meta":{"footnotes":""},"tags":[],"class_list":["post-4674","post","type-post","status-publish","format-standard","has-post-thumbnail","hentry"],"_links":{"self":[{"href":"https:\/\/ambpodgorica.esteri.it\/it\/wp-json\/wp\/v2\/posts\/4674","targetHints":{"allow":["GET"]}}],"collection":[{"href":"https:\/\/ambpodgorica.esteri.it\/it\/wp-json\/wp\/v2\/posts"}],"about":[{"href":"https:\/\/ambpodgorica.esteri.it\/it\/wp-json\/wp\/v2\/types\/post"}],"author":[{"embeddable":true,"href":"https:\/\/ambpodgorica.esteri.it\/it\/wp-json\/wp\/v2\/users\/10"}],"replies":[{"embeddable":true,"href":"https:\/\/ambpodgorica.esteri.it\/it\/wp-json\/wp\/v2\/comments?post=4674"}],"version-history":[{"count":3,"href":"https:\/\/ambpodgorica.esteri.it\/it\/wp-json\/wp\/v2\/posts\/4674\/revisions"}],"predecessor-version":[{"id":4698,"href":"https:\/\/ambpodgorica.esteri.it\/it\/wp-json\/wp\/v2\/posts\/4674\/revisions\/4698"}],"wp:featuredmedia":[{"embeddable":true,"href":"https:\/\/ambpodgorica.esteri.it\/it\/wp-json\/wp\/v2\/media\/4697"}],"wp:attachment":[{"href":"https:\/\/ambpodgorica.esteri.it\/it\/wp-json\/wp\/v2\/media?parent=4674"}],"wp:term":[{"taxonomy":"post_tag","embeddable":true,"href":"https:\/\/ambpodgorica.esteri.it\/it\/wp-json\/wp\/v2\/tags?post=4674"}],"curies":[{"name":"wp","href":"https:\/\/api.w.org\/{rel}","templated":true}]}}