{"id":4838,"date":"2026-01-27T11:49:22","date_gmt":"2026-01-27T10:49:22","guid":{"rendered":"https:\/\/ambpodgorica.esteri.it\/?p=4838"},"modified":"2026-01-27T11:56:05","modified_gmt":"2026-01-27T10:56:05","slug":"giornata-della-memoria-2026","status":"publish","type":"post","link":"https:\/\/ambpodgorica.esteri.it\/it\/news\/dall_ambasciata\/2026\/01\/giornata-della-memoria-2026\/","title":{"rendered":"GIORNATA DELLA MEMORIA 2026"},"content":{"rendered":"<p style=\"text-align: justify;\">Il 27 gennaio 2026, nella ricorrenza del Giorno della Memoria, istituito dal Parlamento della Repubblica Italiana con la legge n. 211 del 20 luglio 2000, l\u2019Italia, anche attraverso la propria rete diplomatica, ricorda le vittime della Shoah, che costituisce uno dei capitoli pi\u00f9 tragici e oscuri della storia europea.<\/p>\n<p style=\"text-align: justify;\">Come ha affermato il Vice Presidente del Consiglio dei Ministri e On. Ministro degli Affari Esteri e della Cooperazione Internazionale, Antonio Tajani, nel videomessaggio trasmesso in occasione di tale ricorrenza, e visionabile in calce alla presente pagina <em>\u201cLa Memoria non \u00e8 un rito formale. \u00c8 una responsabilit\u00e0 collettiva verso il futuro. [\u2026] L\u2019abisso della Shoah ha colpito al cuore la nostra civilt\u00e0, e ha segnato per sempre la storia e l\u2019identit\u00e0 dell\u2019Europa. Ricordare non basta. Serve anche vigilare. [\u2026] Oggi, insieme, diciamo ancora una volta, ovunque nel mondo: mai pi\u00f9!\u201d<\/em><\/p>\n<p style=\"text-align: justify;\">Nel commemorare il Giorno della Memoria, l\u2019Italia rinnova il proprio impegno nella lotta contro ogni forma di antisemitismo, razzismo, odio e discriminazione, riaffermando con fermezza la centralit\u00e0 della persona umana e la difesa dei diritti fondamentali.<\/p>\n","protected":false},"excerpt":{"rendered":"Il 27 gennaio 2026, nella ricorrenza del Giorno della Memoria, istituito dal Parlamento della Repubblica Italiana con la legge n. 211 del 20 luglio 2000, l\u2019Italia, anche attraverso la propria rete diplomatica, ricorda le vittime della Shoah, che costituisce uno dei capitoli pi\u00f9 tragici e oscuri della storia europea. Come ha affermato il Vice Presidente [&hellip;]","protected":false},"author":10,"featured_media":4843,"comment_status":"closed","ping_status":"closed","sticky":false,"template":"","format":"standard","meta":{"footnotes":""},"tags":[7],"class_list":["post-4838","post","type-post","status-publish","format-standard","has-post-thumbnail","hentry","tag-diplomazia-culturale"],"_links":{"self":[{"href":"https:\/\/ambpodgorica.esteri.it\/it\/wp-json\/wp\/v2\/posts\/4838","targetHints":{"allow":["GET"]}}],"collection":[{"href":"https:\/\/ambpodgorica.esteri.it\/it\/wp-json\/wp\/v2\/posts"}],"about":[{"href":"https:\/\/ambpodgorica.esteri.it\/it\/wp-json\/wp\/v2\/types\/post"}],"author":[{"embeddable":true,"href":"https:\/\/ambpodgorica.esteri.it\/it\/wp-json\/wp\/v2\/users\/10"}],"replies":[{"embeddable":true,"href":"https:\/\/ambpodgorica.esteri.it\/it\/wp-json\/wp\/v2\/comments?post=4838"}],"version-history":[{"count":3,"href":"https:\/\/ambpodgorica.esteri.it\/it\/wp-json\/wp\/v2\/posts\/4838\/revisions"}],"predecessor-version":[{"id":4853,"href":"https:\/\/ambpodgorica.esteri.it\/it\/wp-json\/wp\/v2\/posts\/4838\/revisions\/4853"}],"wp:featuredmedia":[{"embeddable":true,"href":"https:\/\/ambpodgorica.esteri.it\/it\/wp-json\/wp\/v2\/media\/4843"}],"wp:attachment":[{"href":"https:\/\/ambpodgorica.esteri.it\/it\/wp-json\/wp\/v2\/media?parent=4838"}],"wp:term":[{"taxonomy":"post_tag","embeddable":true,"href":"https:\/\/ambpodgorica.esteri.it\/it\/wp-json\/wp\/v2\/tags?post=4838"}],"curies":[{"name":"wp","href":"https:\/\/api.w.org\/{rel}","templated":true}]}}