{"id":6071,"date":"2026-09-04T10:36:19","date_gmt":"2026-09-04T08:36:19","guid":{"rendered":"https:\/\/ambpodgorica.esteri.it\/?p=6071"},"modified":"2026-09-04T10:36:19","modified_gmt":"2026-09-04T08:36:19","slug":"fare-cinema-due-serate-dedicate-al-cinema-italiano-sotto-le-stelle","status":"publish","type":"post","link":"https:\/\/ambpodgorica.esteri.it\/it\/news\/dall_ambasciata\/2026\/09\/fare-cinema-due-serate-dedicate-al-cinema-italiano-sotto-le-stelle\/","title":{"rendered":"FARE CINEMA &#8211; Due serate dedicate al cinema italiano, sotto le stelle!"},"content":{"rendered":"<p style=\"text-align: justify;\">Nell\u2019ambito della rassegna tematica \u201cFare Cinema\u201d, ideata dal Ministero degli Affari Esteri e della Cooperazione Internazionale per promuovere il cinema e l\u2019industria cinematografica italiana nel mondo, l\u2019Ambasciata d\u2019Italia a Podgorica, in collaborazione con l\u2019Istituto Italiano di Cultura di Belgrado e l\u2019Assessorato alla cultura del Comune di Podgorica, presenta la proiezione di due film di recente produzione, espressione della vitalit\u00e0 e della ricchezza del cinema italiano contemporaneo.<\/p>\n<p style=\"text-align: justify;\">L\u2019iniziativa intende offrire al pubblico montenegrino un\u2019occasione di incontro con la cultura italiana attraverso il linguaggio universale del cinema, valorizzando al contempo la creativit\u00e0, la variet\u00e0 dei temi e la qualit\u00e0 della produzione cinematografica italiana contemporanea.<\/p>\n<p>&nbsp;<\/p>\n<p style=\"text-align: justify;\"><strong>Marted\u00ec 8 settembre, alle ore 21.00, <\/strong>si terr\u00e0 la proiezione del film \u201c<strong>Anna<\/strong>\u201d (2025) di Monica Guerritore &#8211; un film dedicato ad Anna Magnani, figura imprescindibile del cinema italiano e interprete capace di trasformare la propria autenticit\u00e0 in una forma universale di espressione.<\/p>\n<p style=\"text-align: justify;\">Il film racconta un momento cruciale nella vita di una donna insieme forte e vulnerabile, chiamata a reinventarsi proprio quando sembra aver raggiunto tutto. Un viaggio attraverso la vita e l\u2019arte di un\u2019artista capace di portare sullo schermo una verit\u00e0 autentica, senza filtri, fino a diventare uno dei volti pi\u00f9 riconoscibili dell\u2019Italia nel mondo.<\/p>\n<p style=\"text-align: justify;\">Per l\u2019Italia, Anna Magnani \u00e8 molto pi\u00f9 di una grande attrice: \u00e8 un simbolo dell\u2019identit\u00e0 nazionale, della rinascita di un Paese e di un cinema che ha saputo guardare la realt\u00e0 con coraggio, intensit\u00e0 e umanit\u00e0.<\/p>\n<p style=\"text-align: justify;\">Con <em>Anna<\/em>, Monica Guerritore intraprende un viaggio nella memoria e nell\u2019immaginario collettivo, restituendo luce a una donna e a un\u2019artista la cui voce, ancora oggi, continua a parlare al mondo.<\/p>\n<p style=\"text-align: justify;\"><strong>\u00a0<\/strong><\/p>\n<p style=\"text-align: justify;\"><strong>Mercoled\u00ec 9 settembre, alle ore 21.00, <\/strong>si terr\u00e0 la proiezione del film \u201cLe cose non dette\u201d (2025) di Gabriele Muccino che racconta la storia di un gruppo di giovani adulti alle prese con amori, amicizie e legami familiari. Al centro della vicenda ci sono sentimenti difficili da esprimere, segreti e verit\u00e0 che i protagonisti preferiscono nascondere per paura di ferire gli altri o di mettere in discussione le proprie relazioni. Nel corso della storia, le tensioni e i non detti emergono progressivamente, costringendo i personaggi a confrontarsi con le proprie scelte e con ci\u00f2 che realmente desiderano. Come spesso nel cinema di Muccino, il film mette in scena la complessit\u00e0 dei rapporti umani, mostrando quanto sia difficile comunicare sinceramente e quanto le cose taciute possano condizionare il futuro.<\/p>\n<p style=\"text-align: justify;\">Entrambi i film, <strong>sottotitolati in lingua inglese<\/strong>, verranno proiettati presso il <strong>Njego\u0161ev Park<\/strong> di Podgorica nell\u2019ambito della manifestazione \u201cEstate culturale di Podgorica\u201d, organizzata dall\u2019Assessorato alla Cultura del Comune di Podgorica.<\/p>\n","protected":false},"excerpt":{"rendered":"Nell\u2019ambito della rassegna tematica \u201cFare Cinema\u201d, ideata dal Ministero degli Affari Esteri e della Cooperazione Internazionale per promuovere il cinema e l\u2019industria cinematografica italiana nel mondo, l\u2019Ambasciata d\u2019Italia a Podgorica, in collaborazione con l\u2019Istituto Italiano di Cultura di Belgrado e l\u2019Assessorato alla cultura del Comune di Podgorica, presenta la proiezione di due film di recente [&hellip;]","protected":false},"author":8,"featured_media":6074,"comment_status":"closed","ping_status":"closed","sticky":false,"template":"","format":"standard","meta":{"footnotes":""},"tags":[7],"class_list":["post-6071","post","type-post","status-publish","format-standard","has-post-thumbnail","hentry","tag-diplomazia-culturale"],"_links":{"self":[{"href":"https:\/\/ambpodgorica.esteri.it\/it\/wp-json\/wp\/v2\/posts\/6071","targetHints":{"allow":["GET"]}}],"collection":[{"href":"https:\/\/ambpodgorica.esteri.it\/it\/wp-json\/wp\/v2\/posts"}],"about":[{"href":"https:\/\/ambpodgorica.esteri.it\/it\/wp-json\/wp\/v2\/types\/post"}],"author":[{"embeddable":true,"href":"https:\/\/ambpodgorica.esteri.it\/it\/wp-json\/wp\/v2\/users\/8"}],"replies":[{"embeddable":true,"href":"https:\/\/ambpodgorica.esteri.it\/it\/wp-json\/wp\/v2\/comments?post=6071"}],"version-history":[{"count":1,"href":"https:\/\/ambpodgorica.esteri.it\/it\/wp-json\/wp\/v2\/posts\/6071\/revisions"}],"predecessor-version":[{"id":6076,"href":"https:\/\/ambpodgorica.esteri.it\/it\/wp-json\/wp\/v2\/posts\/6071\/revisions\/6076"}],"wp:featuredmedia":[{"embeddable":true,"href":"https:\/\/ambpodgorica.esteri.it\/it\/wp-json\/wp\/v2\/media\/6074"}],"wp:attachment":[{"href":"https:\/\/ambpodgorica.esteri.it\/it\/wp-json\/wp\/v2\/media?parent=6071"}],"wp:term":[{"taxonomy":"post_tag","embeddable":true,"href":"https:\/\/ambpodgorica.esteri.it\/it\/wp-json\/wp\/v2\/tags?post=6071"}],"curies":[{"name":"wp","href":"https:\/\/api.w.org\/{rel}","templated":true}]}}