{"id":4448,"date":"2025-09-26T10:12:13","date_gmt":"2025-09-26T08:12:13","guid":{"rendered":"https:\/\/ambpodgorica.esteri.it\/?p=4448"},"modified":"2025-09-26T10:15:35","modified_gmt":"2025-09-26T08:15:35","slug":"peti-nacionalni-akcioni-plan-za-zene-mir-i-bezbjednost-rezolucija-1325-2000","status":"publish","type":"post","link":"https:\/\/ambpodgorica.esteri.it\/me\/news\/dall_ambasciata\/2025\/09\/peti-nacionalni-akcioni-plan-za-zene-mir-i-bezbjednost-rezolucija-1325-2000\/","title":{"rendered":"PETI NACIONALNI AKCIONI PLAN ZA \u017dENE, MIR I BEZBJEDNOST (REZOLUCIJA 1325\/2000)"},"content":{"rendered":"<p style=\"text-align: justify;\">U avgustu je zavr\u0161en proces koji je doveo do usvajanja <strong>Petog nacionalnog akcionog plana za \u017eene, mir i bezbjednost (WPS)<\/strong> za petogodi\u0161nji period 2025-2029. godine, \u010dime je sprovedena <strong>Rezolucija Saveta bezbjednosti 1325\/2000<\/strong> i devet narednih rezolucija koje \u010dine Agendu WPS Ujedinjenih nacija.<\/p>\n<p style=\"text-align: justify;\">Ovaj slo\u017eeni proces sproveo je <strong>Me\u0111uministarski komitet za ljudska prava<\/strong> Generalnog direktorata za politi\u010dka pitanja i bezbjednost Ministarstva vanjskih poslova i me\u0111unarodne saradnje (MAECI), u koordinaciji sa administracijama koje su tradicionalno uklju\u010dene u njegovu implementaciju, i u konsultaciji sa civilnim dru\u0161tvom.<\/p>\n<p style=\"text-align: justify;\"><strong>Sadr\u017eaj<\/strong> je razvijen uzimaju\u0107i u obzir najrelevantnije konferencije i dokumente koje su izdale Ujedinjene nacije, NATO, Evropska unija i G7, kao i rezolucije UN o mladima, miru i bezbjednosti.<\/p>\n<p style=\"text-align: justify;\"><strong>Tekst predstavlja rezultat procesa racionalizacije<\/strong>, koji je rezultirao smanjenjem broja akcija sa 38. na 30, a svaku prate specifi\u010dni kvantitativni i kvalitativni indikatori.<\/p>\n<p style=\"text-align: justify;\">Struktura Plana je zadr\u017eala sljede\u0107a <strong>\u010detiri cilja<\/strong>:<\/p>\n<ul style=\"text-align: justify;\">\n<li><strong>Oja\u010dati ulogu \u017eena u mirovnim procesima i procesima dono\u0161enja odluka<\/strong>, osiguravaju\u0107i njihovo efikasno, ravnopravno, smisleno i bezbjedno u\u010de\u0161\u0107e, uklju\u010duju\u0107i i pove\u0107anje sinergije sa civilnim dru\u0161tvom, kako bi se efikasno sprovela Rezolucija Saveta bezbjednosti 1325 (2000) i Agenda WPS-a;<\/li>\n<li><strong>Oja\u010dati promociju rodne perspektive u mirovnim operacijama i pove\u0107ati prisustvo \u017eena<\/strong>, posebno u oru\u017eanim i policijskim snagama, ja\u010danjem njihove uloge u procesima dono\u0161enja odluka vezanih za mirovne misije i na mirovnim konferencijama;<\/li>\n<li><strong>Oja\u010dati promociju rodne ravnopravnosti, osna\u017eivanja, za\u0161tite i po\u0161tovanja ljudskih prava \u017eena i djevoj\u010dica,<\/strong> kako u konfliktnim tako i u post-konfliktnim podru\u010djima, pove\u0107anjem sinergije sa civilnim dru\u0161tvom radi sprovo\u0111enja Rezolucije Saveta bezbjednosti 1325 (2000) i Agende WPS-a;<\/li>\n<li>Efikasnije <strong>promovisati strate\u0161ku komunikaciju i napore za podizanje svijesti<\/strong>, uz istovremeno ja\u010danje italijanskog u\u010de\u0161\u0107a u sektorskim konferencijama i mehanizmima (npr. Ujedinjene nacije, Crveni krst, OEBS, NATO, EU, OECD, Savjet Evrope), kako bi se dodatno <strong>podr\u017eala implementacija<\/strong> <strong>Agende WPS-a<\/strong>. Istovremeno, nastaviti sa obezbe\u0111ivanjem konsolidacije informacija i obuke na svim nivoima o razli\u010ditim me\u0111usektorskim aspektima Agende WPS-a, posebno za osoblje koje u\u010destvuje u mirovnim operacijama, uklju\u010duju\u0107i i pove\u0107anje sinergije sa civilnim dru\u0161tvom, akademskom zajednicom i istra\u017eivanjem.<\/li>\n<\/ul>\n<p style=\"text-align: justify;\">\n<p style=\"text-align: justify;\">Za vi\u0161e detalja, pogledajte stranicu <a href=\"https:\/\/cidu.esteri.it\/attivita\/donne-pace-sicurezza\/\">pagina<\/a>.<\/p>\n<p style=\"text-align: justify;\">Dokument je dostupan na italijanskom <a href=\"https:\/\/ambpodgorica.esteri.it\/wp-content\/uploads\/2025\/09\/italiano_compressed.pdf\">italiano<\/a> i engleskom jeziku <a href=\"https:\/\/ambpodgorica.esteri.it\/wp-content\/uploads\/2025\/09\/inglese_compressed.pdf\">inglese<\/a><\/p>\n","protected":false},"excerpt":{"rendered":"U avgustu je zavr\u0161en proces koji je doveo do usvajanja Petog nacionalnog akcionog plana za \u017eene, mir i bezbjednost (WPS) za petogodi\u0161nji period 2025-2029. godine, \u010dime je sprovedena Rezolucija Saveta bezbjednosti 1325\/2000 i devet narednih rezolucija koje \u010dine Agendu WPS Ujedinjenih nacija. Ovaj slo\u017eeni proces sproveo je Me\u0111uministarski komitet za ljudska prava Generalnog direktorata za [&hellip;]","protected":false},"author":10,"featured_media":4342,"comment_status":"closed","ping_status":"closed","sticky":false,"template":"","format":"standard","meta":{"footnotes":""},"tags":[],"class_list":["post-4448","post","type-post","status-publish","format-standard","has-post-thumbnail","hentry"],"_links":{"self":[{"href":"https:\/\/ambpodgorica.esteri.it\/me\/wp-json\/wp\/v2\/posts\/4448","targetHints":{"allow":["GET"]}}],"collection":[{"href":"https:\/\/ambpodgorica.esteri.it\/me\/wp-json\/wp\/v2\/posts"}],"about":[{"href":"https:\/\/ambpodgorica.esteri.it\/me\/wp-json\/wp\/v2\/types\/post"}],"author":[{"embeddable":true,"href":"https:\/\/ambpodgorica.esteri.it\/me\/wp-json\/wp\/v2\/users\/10"}],"replies":[{"embeddable":true,"href":"https:\/\/ambpodgorica.esteri.it\/me\/wp-json\/wp\/v2\/comments?post=4448"}],"version-history":[{"count":1,"href":"https:\/\/ambpodgorica.esteri.it\/me\/wp-json\/wp\/v2\/posts\/4448\/revisions"}],"predecessor-version":[{"id":4451,"href":"https:\/\/ambpodgorica.esteri.it\/me\/wp-json\/wp\/v2\/posts\/4448\/revisions\/4451"}],"wp:featuredmedia":[{"embeddable":true,"href":"https:\/\/ambpodgorica.esteri.it\/me\/wp-json\/wp\/v2\/media\/4342"}],"wp:attachment":[{"href":"https:\/\/ambpodgorica.esteri.it\/me\/wp-json\/wp\/v2\/media?parent=4448"}],"wp:term":[{"taxonomy":"post_tag","embeddable":true,"href":"https:\/\/ambpodgorica.esteri.it\/me\/wp-json\/wp\/v2\/tags?post=4448"}],"curies":[{"name":"wp","href":"https:\/\/api.w.org\/{rel}","templated":true}]}}