{"id":4901,"date":"2026-01-30T13:01:28","date_gmt":"2026-01-30T12:01:28","guid":{"rendered":"https:\/\/ambpodgorica.esteri.it\/?p=4901"},"modified":"2026-01-30T13:06:57","modified_gmt":"2026-01-30T12:06:57","slug":"konkurs-za-prijem-na-trogodisnji-studijski-program-globalnog-upravljanja-na-univerzitetu-tor-vergata-u-rimu","status":"publish","type":"post","link":"https:\/\/ambpodgorica.esteri.it\/me\/news\/dall_ambasciata\/2026\/01\/konkurs-za-prijem-na-trogodisnji-studijski-program-globalnog-upravljanja-na-univerzitetu-tor-vergata-u-rimu\/","title":{"rendered":"KONKURS ZA PRIJEM NA TROGODI\u0160NJI STUDIJSKI PROGRAM GLOBALNOG UPRAVLJANJA NA UNIVERZITETU \u201eTOR VERGATA\u201c U RIMU"},"content":{"rendered":"<p style=\"text-align: justify;\"><strong>Univerzitet Tor Vergata u Rimu<\/strong> (Katedra za ekonomiju i finansije) raspisuje za <strong>akademsku 2026\/2027<\/strong> godinu konkurs za <strong>204. mjesta<\/strong> za upis na prvu godinu studijskog programa na engleskom jeziku <strong>\u201eGlobal Governance\u201c<\/strong> (Klasa L-16 Administracija i organizacione nauke), kako slijedi:<\/p>\n<p>a) 129. mjesta za <strong>studente iz EU<\/strong> i van EU koji legalno borave u Italiji;<\/p>\n<p style=\"text-align: justify;\">b) 75. mjesta za <strong>dr\u017eavljane iz zemalja koje nijesu \u010dlanice EU<\/strong> koji imaju prebivali\u0161te u inostranstvu i kojima je potrebna viza<\/p>\n<p style=\"text-align: justify;\">Konkurs obuhvata nekoliko krugova selekcije kandidata u razli\u010ditim periodima godine ali je, za potrebe registracije i naknadnog upisa, obavezno ispo\u0161tovati sljedec\u0301e rokove, \u010dije nepo\u0161tovanje dovodi do isklju\u010denja:<\/p>\n<p style=\"text-align: justify;\">&#8211; 12. februar 2026. (DRUGI KRUG selekcije);<\/p>\n<p style=\"text-align: justify;\">&#8211; 16. april 2026. (TREC\u0301I KRUG selekcije);<\/p>\n<p style=\"text-align: justify;\">&#8211; 4. jun 2026. (\u010cETVRTI KRUG selekcije)<\/p>\n<p style=\"text-align: justify;\">Za procedure i rokove selekcije, kao i za sprovo\u0111enje i strukturu same selekcije, upu\u0107ujemo vas na (<a href=\"https:\/\/economia.uniroma2.it\/ba\/globalgovernance\/apply-now\/\">konkurs<\/a>) koji mo\u017eete pogledati na web stranici (<a href=\"http:\/\/web.uniroma2.it\/\">Univerziteta<\/a>)\u00a0i na web stranici (studijskog <a href=\"http:\/\/www.globalgovernance.it\/\">programa)<\/a><\/p>\n","protected":false},"excerpt":{"rendered":"Univerzitet Tor Vergata u Rimu (Katedra za ekonomiju i finansije) raspisuje za akademsku 2026\/2027 godinu konkurs za 204. mjesta za upis na prvu godinu studijskog programa na engleskom jeziku \u201eGlobal Governance\u201c (Klasa L-16 Administracija i organizacione nauke), kako slijedi: a) 129. mjesta za studente iz EU i van EU koji legalno borave u Italiji; b) [&hellip;]","protected":false},"author":10,"featured_media":4896,"comment_status":"closed","ping_status":"closed","sticky":false,"template":"","format":"standard","meta":{"footnotes":""},"tags":[7,12],"class_list":["post-4901","post","type-post","status-publish","format-standard","has-post-thumbnail","hentry","tag-diplomazia-culturale","tag-italiani-nel-mondo"],"_links":{"self":[{"href":"https:\/\/ambpodgorica.esteri.it\/me\/wp-json\/wp\/v2\/posts\/4901","targetHints":{"allow":["GET"]}}],"collection":[{"href":"https:\/\/ambpodgorica.esteri.it\/me\/wp-json\/wp\/v2\/posts"}],"about":[{"href":"https:\/\/ambpodgorica.esteri.it\/me\/wp-json\/wp\/v2\/types\/post"}],"author":[{"embeddable":true,"href":"https:\/\/ambpodgorica.esteri.it\/me\/wp-json\/wp\/v2\/users\/10"}],"replies":[{"embeddable":true,"href":"https:\/\/ambpodgorica.esteri.it\/me\/wp-json\/wp\/v2\/comments?post=4901"}],"version-history":[{"count":2,"href":"https:\/\/ambpodgorica.esteri.it\/me\/wp-json\/wp\/v2\/posts\/4901\/revisions"}],"predecessor-version":[{"id":4905,"href":"https:\/\/ambpodgorica.esteri.it\/me\/wp-json\/wp\/v2\/posts\/4901\/revisions\/4905"}],"wp:featuredmedia":[{"embeddable":true,"href":"https:\/\/ambpodgorica.esteri.it\/me\/wp-json\/wp\/v2\/media\/4896"}],"wp:attachment":[{"href":"https:\/\/ambpodgorica.esteri.it\/me\/wp-json\/wp\/v2\/media?parent=4901"}],"wp:term":[{"taxonomy":"post_tag","embeddable":true,"href":"https:\/\/ambpodgorica.esteri.it\/me\/wp-json\/wp\/v2\/tags?post=4901"}],"curies":[{"name":"wp","href":"https:\/\/api.w.org\/{rel}","templated":true}]}}