{"id":4921,"date":"2026-02-06T12:05:13","date_gmt":"2026-02-06T11:05:13","guid":{"rendered":"https:\/\/ambpodgorica.esteri.it\/?p=4921"},"modified":"2026-02-06T12:08:45","modified_gmt":"2026-02-06T11:08:45","slug":"zahtjevi-za-kupovinu-i-nabavku-knjiga-i-didaktickog-materijala-i-u-digitalnom-formatu-namijenjeni-skolskim-institucijama-i-univerzitetima-u-crnoj-gori-kao-podrska-u-nastavi-italijanskog-jezika","status":"publish","type":"post","link":"https:\/\/ambpodgorica.esteri.it\/me\/news\/dall_ambasciata\/2026\/02\/zahtjevi-za-kupovinu-i-nabavku-knjiga-i-didaktickog-materijala-i-u-digitalnom-formatu-namijenjeni-skolskim-institucijama-i-univerzitetima-u-crnoj-gori-kao-podrska-u-nastavi-italijanskog-jezika\/","title":{"rendered":"ZAHTJEVI ZA KUPOVINU I NABAVKU KNJIGA I DIDAKTI\u010cKOG MATERIJALA, I U DIGITALNOM FORMATU, NAMIJENJENI \u0160KOLSKIM INSTITUCIJAMA I UNIVERZITETIMA U CRNOJ GORI, KAO PODR\u0160KA U NASTAVI ITALIJANSKOG JEZIKA"},"content":{"rendered":"<p style=\"text-align: justify;\">\u0160kolske i univerzitetske institucije u Crnoj Gori \u2013 dr\u017eavne i privatne, uz uslov da su priznate od nadle\u017enih institucija \u2013 i u 2026. godini mogu podnijeti zahtjev italijanskom Ministarstvu vanjskih poslova i me\u0111unarodne saradnje za kupovinu i nabavku knjiga i didakti\u010dkog materijala (dostava je uklju\u010dena). Materijal mo\u017ee biti i u digitalnom formatu i slu\u017ei kao podr\u0161ka u nastavi italijanskog jezika.<\/p>\n<p style=\"text-align: justify;\">Zainteresovane institucije treba da podnesu zahtjev koriste\u0107i:<\/p>\n<ul style=\"text-align: justify;\">\n<li><strong><a href=\"https:\/\/ambpodgorica.esteri.it\/wp-content\/uploads\/2026\/02\/Modulo-A-libri.xlsx\">Obrazac A<\/a><\/strong>, vode\u0107i ra\u010duna da svaki pojedina\u010dni dio bude ispravno popunjen, bez ikakvih izmjena. Preporu\u010duje se uno\u0161enje ta\u010dnog ISBN broja radi uspje\u0161nog razmatranja zahtjeva.<\/li>\n<\/ul>\n<p style=\"text-align: justify;\">Neophodno je poslati navedeni <strong>Obrazac A<\/strong> u:<\/p>\n<ul style=\"text-align: justify;\">\n<li><strong>PDF formatu<\/strong> (sa potpisom odgovorne osobe i pe\u010datom institucije koja podnosi zahtjev)<\/li>\n<li><strong>Excel formatu<\/strong><\/li>\n<\/ul>\n<p style=\"text-align: justify;\">Napominjemo da \u0107e se zahtjevi poslati sa obrascima koji ne odgovaraju tra\u017eenom formatu, djelimi\u010dno popunjeni ili koji ne slijede uputstva smatrati <strong>neprihvatljivim<\/strong>.<\/p>\n<p style=\"text-align: justify;\">Tako\u0111e se preporu\u010duje izbjegavanje podno\u0161enja zahtjeva za knjige ili audio-vizuelni materijal koji nisu dostupni, koji nisu u katalogu ili su nastavni\u010dki zastarjeli, biraju\u0107i materijal objavljen u posljednje tri godine.<\/p>\n<p style=\"text-align: justify;\"><strong>ROK:<\/strong> Zahtjev mora biti poslat najkasnije do <strong>19. marta 2026.<\/strong> na e-mail adresu: <a href=\"mailto:mariateresa.albano@esteri.it\">mariateresa.albano@esteri.it<\/a><\/p>\n<p style=\"text-align: justify;\">Za bilo kakve nedoumice ili pitanja u vezi sa popunjavanjem Obrasca A, mo\u017eete se obratiti prof. Mariji Teresi Albano putem e-maila ili telefonom na broj: <strong>020 234 661<\/strong>.<\/p>\n","protected":false},"excerpt":{"rendered":"\u0160kolske i univerzitetske institucije u Crnoj Gori \u2013 dr\u017eavne i privatne, uz uslov da su priznate od nadle\u017enih institucija \u2013 i u 2026. godini mogu podnijeti zahtjev italijanskom Ministarstvu vanjskih poslova i me\u0111unarodne saradnje za kupovinu i nabavku knjiga i didakti\u010dkog materijala (dostava je uklju\u010dena). Materijal mo\u017ee biti i u digitalnom formatu i slu\u017ei kao [&hellip;]","protected":false},"author":10,"featured_media":4908,"comment_status":"closed","ping_status":"closed","sticky":false,"template":"","format":"standard","meta":{"footnotes":""},"tags":[12],"class_list":["post-4921","post","type-post","status-publish","format-standard","has-post-thumbnail","hentry","tag-italiani-nel-mondo"],"_links":{"self":[{"href":"https:\/\/ambpodgorica.esteri.it\/me\/wp-json\/wp\/v2\/posts\/4921","targetHints":{"allow":["GET"]}}],"collection":[{"href":"https:\/\/ambpodgorica.esteri.it\/me\/wp-json\/wp\/v2\/posts"}],"about":[{"href":"https:\/\/ambpodgorica.esteri.it\/me\/wp-json\/wp\/v2\/types\/post"}],"author":[{"embeddable":true,"href":"https:\/\/ambpodgorica.esteri.it\/me\/wp-json\/wp\/v2\/users\/10"}],"replies":[{"embeddable":true,"href":"https:\/\/ambpodgorica.esteri.it\/me\/wp-json\/wp\/v2\/comments?post=4921"}],"version-history":[{"count":3,"href":"https:\/\/ambpodgorica.esteri.it\/me\/wp-json\/wp\/v2\/posts\/4921\/revisions"}],"predecessor-version":[{"id":4923,"href":"https:\/\/ambpodgorica.esteri.it\/me\/wp-json\/wp\/v2\/posts\/4921\/revisions\/4923"}],"wp:featuredmedia":[{"embeddable":true,"href":"https:\/\/ambpodgorica.esteri.it\/me\/wp-json\/wp\/v2\/media\/4908"}],"wp:attachment":[{"href":"https:\/\/ambpodgorica.esteri.it\/me\/wp-json\/wp\/v2\/media?parent=4921"}],"wp:term":[{"taxonomy":"post_tag","embeddable":true,"href":"https:\/\/ambpodgorica.esteri.it\/me\/wp-json\/wp\/v2\/tags?post=4921"}],"curies":[{"name":"wp","href":"https:\/\/api.w.org\/{rel}","templated":true}]}}