{"id":5155,"date":"2026-03-04T16:22:38","date_gmt":"2026-03-04T15:22:38","guid":{"rendered":"https:\/\/ambpodgorica.esteri.it\/?p=5155"},"modified":"2026-04-16T15:40:50","modified_gmt":"2026-04-16T13:40:50","slug":"javni-poziv-za-ponude-za-sponzorstvo","status":"publish","type":"post","link":"https:\/\/ambpodgorica.esteri.it\/me\/news\/dall_ambasciata\/2026\/03\/javni-poziv-za-ponude-za-sponzorstvo\/","title":{"rendered":"Javni poziv za ponude za sponzorstvo"},"content":{"rendered":"<p style=\"text-align: justify;\">Ambasada Italije u Podgorici, u okviru svojih eksternih aktivnosti, pokrenula je proceduru &#8211; sa rokom do <strong>30. aprila 2026. godine<\/strong> \u2013 za sponzorisanje Dana dr\u017eavnosti Italije u Crnoj Gori (2. jun 2026. godine) i eventualnih drugih doga\u0111aja iz integrisanog programa promocije ambasade italije.<\/p>\n<p style=\"text-align: justify;\">Oglas mo\u017eete pogledati na ovom <a href=\"https:\/\/ambpodgorica.esteri.it\/wp-content\/uploads\/2026\/03\/Avviso-pubblico-sponsorizzazioni-2026-Festa-Nazionale-MNE.pdf\">linku<\/a><\/p>\n<p style=\"text-align: justify;\">Zainteresovane strane treba da do gore navedenog roka iska\u017eu svoje interesovanje na na\u010din opisan u oglasu, tako \u0161to \u0107e popuniti i poslati sljede\u0107a dokumenta:<\/p>\n<p style=\"text-align: justify;\"><a href=\"https:\/\/ambpodgorica.esteri.it\/wp-content\/uploads\/2026\/03\/Allegato-1-Offerta-di-sponsorizzazione-MNE-2026.docx\">Prilog<\/a> \u2013 ponuda za sponzorstvo<\/p>\n<p style=\"text-align: justify;\"><a href=\"https:\/\/ambpodgorica.esteri.it\/wp-content\/uploads\/2026\/03\/Allegato-2-Assenza-motivi-di-esclusione-per-sponsorizzazioni-MNE-2026.docx\">Prilog <\/a> \u2013 nepostojanje razloga za izuze\u0107e od sponzorstva<\/p>\n<p style=\"text-align: justify;\"><a href=\"https:\/\/ambpodgorica.esteri.it\/wp-content\/uploads\/2026\/03\/Allegato-3-Informativa-trattamento-dati-personali-MNE-2026.docx\">Prilog <\/a>\u2013 saglasnost za kori\u0161\u0107enje li\u010dnih podataka u svrhu sponzorstva<\/p>\n","protected":false},"excerpt":{"rendered":"Ambasada Italije u Podgorici, u okviru svojih eksternih aktivnosti, pokrenula je proceduru &#8211; sa rokom do 30. aprila 2026. godine \u2013 za sponzorisanje Dana dr\u017eavnosti Italije u Crnoj Gori (2. jun 2026. godine) i eventualnih drugih doga\u0111aja iz integrisanog programa promocije ambasade italije. Oglas mo\u017eete pogledati na ovom linku Zainteresovane strane treba da do gore [&hellip;]","protected":false},"author":10,"featured_media":5195,"comment_status":"closed","ping_status":"closed","sticky":false,"template":"","format":"standard","meta":{"footnotes":""},"tags":[7],"class_list":["post-5155","post","type-post","status-publish","format-standard","has-post-thumbnail","hentry","tag-diplomazia-culturale"],"_links":{"self":[{"href":"https:\/\/ambpodgorica.esteri.it\/me\/wp-json\/wp\/v2\/posts\/5155","targetHints":{"allow":["GET"]}}],"collection":[{"href":"https:\/\/ambpodgorica.esteri.it\/me\/wp-json\/wp\/v2\/posts"}],"about":[{"href":"https:\/\/ambpodgorica.esteri.it\/me\/wp-json\/wp\/v2\/types\/post"}],"author":[{"embeddable":true,"href":"https:\/\/ambpodgorica.esteri.it\/me\/wp-json\/wp\/v2\/users\/10"}],"replies":[{"embeddable":true,"href":"https:\/\/ambpodgorica.esteri.it\/me\/wp-json\/wp\/v2\/comments?post=5155"}],"version-history":[{"count":5,"href":"https:\/\/ambpodgorica.esteri.it\/me\/wp-json\/wp\/v2\/posts\/5155\/revisions"}],"predecessor-version":[{"id":5465,"href":"https:\/\/ambpodgorica.esteri.it\/me\/wp-json\/wp\/v2\/posts\/5155\/revisions\/5465"}],"wp:featuredmedia":[{"embeddable":true,"href":"https:\/\/ambpodgorica.esteri.it\/me\/wp-json\/wp\/v2\/media\/5195"}],"wp:attachment":[{"href":"https:\/\/ambpodgorica.esteri.it\/me\/wp-json\/wp\/v2\/media?parent=5155"}],"wp:term":[{"taxonomy":"post_tag","embeddable":true,"href":"https:\/\/ambpodgorica.esteri.it\/me\/wp-json\/wp\/v2\/tags?post=5155"}],"curies":[{"name":"wp","href":"https:\/\/api.w.org\/{rel}","templated":true}]}}