{"id":5252,"date":"2026-03-12T14:36:03","date_gmt":"2026-03-12T13:36:03","guid":{"rendered":"https:\/\/ambpodgorica.esteri.it\/?p=5252"},"modified":"2026-03-12T14:41:56","modified_gmt":"2026-03-12T13:41:56","slug":"stipendije-italijanske-vlade-za-strane-studente-i-italijane-koji-zive-u-inostranstvu-za-akademsku-godinu-2026-2027","status":"publish","type":"post","link":"https:\/\/ambpodgorica.esteri.it\/me\/news\/dall_ambasciata\/2026\/03\/stipendije-italijanske-vlade-za-strane-studente-i-italijane-koji-zive-u-inostranstvu-za-akademsku-godinu-2026-2027\/","title":{"rendered":"STIPENDIJE ITALIJANSKE VLADE ZA STRANE STUDENTE I ITALIJANE KOJI \u017dIVE U INOSTRANSTVU ZA AKADEMSKU GODINU 2026-2027"},"content":{"rendered":"<p style=\"text-align: justify;\">Ministarstvo vanjskih poslova i me\u0111unarodne saradnje (MAECI) nudi <strong>63. mjeseca stipendija crnogorskim studentima za akademsku 2026-2027. godinu<\/strong>, sa ciljem unaprje\u0111enja saradnje u oblastima kulture, nauke i tehnologije, promocije privrednog sistema Italije u svijetu i \u0161irenja znanja o italijanskom jeziku i kulturi.<\/p>\n<p style=\"text-align: justify;\">Stipendije se dodjeljuju za period od 9. mjeseci, odnosno 3. mjeseca za napredne kurseve italijanskog jezika i kulture, u iznosu od 1200 eura mjese\u010dno. Zainteresovani se mogu prijaviti za:<\/p>\n<ol>\n<li style=\"text-align: justify;\">Specijalisti\u010dke\/magistarske studije u Italiji (2\u00b0 ciclo) &#8211; molimo vas da imate u vidu da ako kandidat nije zavr\u0161io studije prvog nivoa i ne posjeduje ekvivalent italijanskoj diplomi osnovnih studija (bachelor\u2019s degree) u trenutku podno\u0161enja prijave, ima\u0107e priliku da dopuni dokumentaciju najkasnije do 1. jula 2026. godine, kako je navedeno u \u010dlanu 7.2 oglasa<\/li>\n<li style=\"text-align: justify;\">Visoke studije u oblasti muzike i umjetnosti (AFAM)<\/li>\n<li style=\"text-align: justify;\">Doktorske studije<\/li>\n<li style=\"text-align: justify;\">Projekte \u201eco-tutela\u201c (istra\u017eivanja pri javnim institucijama uz docenta tutora)<\/li>\n<\/ol>\n<p>Napredne kurseve italijanskog jezika i kulture (u trajanju od tri mjeseca)<\/p>\n<p>Kandidati se mogu prijaviti isklju\u010divo online preko portala <a href=\"https:\/\/studyinitaly.esteri.it\/\">https:\/\/studyinitaly.esteri.it\/<\/a><\/p>\n<p>Kandidature se moraju dostaviti online isklju\u010divo do 26. marta 2026 god. do 14.00 \u010dasova (po italijanskom vremenu).<\/p>\n<p>Prijave primljene nakon ovog roka ne\u0107e biti prihvatljive.<\/p>\n<p>Kandidatima preporu\u010dujemo da ne \u010dekaju sa podno\u0161enjem prijave do posljednjih nekoliko dana, jer se bilo kakvo usporavanje funkcionisanja Portala zbog velikog obima saobra\u0107aja ne\u0107e smatrati valjanim opravdanjem za nemogu\u0107nost slanja prijave.<\/p>\n<p>Za detaljne informacije:<\/p>\n<p><a href=\"https:\/\/studyinitaly.esteri.it\/ListaBandi\/ScaricaFileBando?ID=DAAAAFtleyR3GpH%2f%2fDdK%2fxAAAABsMDrPbYD4z79sNOYOObTAO%2ftceRy6fXp535gAyPJnBgYxGpki%2bLjFuZnHs36TUtUkt6On\">Konkurs<\/a> na italijanskom<\/p>\n<p><a href=\"https:\/\/studyinitaly.esteri.it\/ListaBandi\/ScaricaFileBando?ID=DAAAAE2KI6J%2b3om0qd4miBAAAACbVDupbYv2GDAaoM316TyGSiRqCbNwVAsdDdAb3jNaeuasMe69myHfI48cN6ipQyz4IVkw\">Konkurs<\/a> na engleskom<\/p>\n","protected":false},"excerpt":{"rendered":"Ministarstvo vanjskih poslova i me\u0111unarodne saradnje (MAECI) nudi 63. mjeseca stipendija crnogorskim studentima za akademsku 2026-2027. godinu, sa ciljem unaprje\u0111enja saradnje u oblastima kulture, nauke i tehnologije, promocije privrednog sistema Italije u svijetu i \u0161irenja znanja o italijanskom jeziku i kulturi. Stipendije se dodjeljuju za period od 9. mjeseci, odnosno 3. mjeseca za napredne kurseve [&hellip;]","protected":false},"author":10,"featured_media":5247,"comment_status":"closed","ping_status":"closed","sticky":false,"template":"","format":"standard","meta":{"footnotes":""},"tags":[7],"class_list":["post-5252","post","type-post","status-publish","format-standard","has-post-thumbnail","hentry","tag-diplomazia-culturale"],"_links":{"self":[{"href":"https:\/\/ambpodgorica.esteri.it\/me\/wp-json\/wp\/v2\/posts\/5252","targetHints":{"allow":["GET"]}}],"collection":[{"href":"https:\/\/ambpodgorica.esteri.it\/me\/wp-json\/wp\/v2\/posts"}],"about":[{"href":"https:\/\/ambpodgorica.esteri.it\/me\/wp-json\/wp\/v2\/types\/post"}],"author":[{"embeddable":true,"href":"https:\/\/ambpodgorica.esteri.it\/me\/wp-json\/wp\/v2\/users\/10"}],"replies":[{"embeddable":true,"href":"https:\/\/ambpodgorica.esteri.it\/me\/wp-json\/wp\/v2\/comments?post=5252"}],"version-history":[{"count":1,"href":"https:\/\/ambpodgorica.esteri.it\/me\/wp-json\/wp\/v2\/posts\/5252\/revisions"}],"predecessor-version":[{"id":5255,"href":"https:\/\/ambpodgorica.esteri.it\/me\/wp-json\/wp\/v2\/posts\/5252\/revisions\/5255"}],"wp:featuredmedia":[{"embeddable":true,"href":"https:\/\/ambpodgorica.esteri.it\/me\/wp-json\/wp\/v2\/media\/5247"}],"wp:attachment":[{"href":"https:\/\/ambpodgorica.esteri.it\/me\/wp-json\/wp\/v2\/media?parent=5252"}],"wp:term":[{"taxonomy":"post_tag","embeddable":true,"href":"https:\/\/ambpodgorica.esteri.it\/me\/wp-json\/wp\/v2\/tags?post=5252"}],"curies":[{"name":"wp","href":"https:\/\/api.w.org\/{rel}","templated":true}]}}