{"id":6067,"date":"2026-09-02T13:41:59","date_gmt":"2026-09-02T11:41:59","guid":{"rendered":"https:\/\/ambpodgorica.esteri.it\/?p=6067"},"modified":"2026-09-02T13:44:48","modified_gmt":"2026-09-02T11:44:48","slug":"xx-izdanje-hercegnovskog-strip-festivala-hsf","status":"publish","type":"post","link":"https:\/\/ambpodgorica.esteri.it\/me\/news\/dall_ambasciata\/2026\/09\/xx-izdanje-hercegnovskog-strip-festivala-hsf\/","title":{"rendered":"XX izdanje Hercegnovskog strip festivala (HSF)"},"content":{"rendered":"<p style=\"text-align: justify;\"><strong>XX izdanje Hercegnovskog strip festivala (HSF)<\/strong>, jedno od najzna\u010dajnijih doga\u0111aja posve\u0107enih devetoj umjetnosti u regionu, odr\u017ea\u0107e se od<strong> 4. do 9. septembra 2026<\/strong>. godine.<\/p>\n<p style=\"text-align: justify;\">Ambasada Italije podr\u017eava ovaj zna\u010dajan festival jo\u0161 od 2014. godine, doprinose\u0107i tokom godina u\u010de\u0161\u0107u nekih od najzna\u010dajnijih predstavnika italijanske strip scene, me\u0111u kojima su Moreno Burattini, Zerocalcare i Milo Manara, da pomenemo samo neke.<\/p>\n<p style=\"text-align: justify;\">I ovogodi\u0161nje izdanje festivala, \u00a0podr\u017eano od strane Italijanskog instituta za kulturu u Beogradu, bi\u0107e obilje\u017eeno zna\u010dajnim u\u010de\u0161\u0107em Italije, kroz prisustvo autora i profesionalaca, kao i kroz program i inicijative posve\u0107ene italijanskom stripu. Njihovo u\u010de\u0161\u0107e predstavlja jo\u0161 jednu potvrdu sna\u017enih kulturnih veza izme\u0111u Italije i Crne Gore.<\/p>\n<p style=\"text-align: justify;\">Me\u0111u specijalnim gostima ovogodi\u0161njeg izdanja bi\u0107e i Ricardo Secchi, sin \u010duvenog Maxa Bunkera, koji je nastavio umjetni\u010dko naslje\u0111e svog oca preuzev\u0161i ulogu scenariste kultnog serijala Alan Ford, nakon \u0161to je Max Bunker potpisao scenarije za prvih 680 brojeva.<\/p>\n<p style=\"text-align: justify;\">Sve\u010dano otvaranje Festivala bi\u0107e odr\u017eano <strong>u petak, 4. septembra<\/strong>, <strong>u 20.00<\/strong> \u010dasova, na trgu Belavista, uz u\u010de\u0161\u0107e, izme\u0111u ostalih, i ambasadorke Egoli.<\/p>\n<p style=\"text-align: justify;\">U subotu, <strong>5. septembra<\/strong>, publiku o\u010dekuje bogat program koji obuhvata prezentacije, susrete sa autorima, crtanje posve\u0107enih ilustracija za ljubitelje stripa, okrugle stolove i radionice. Ovi sadr\u017eaji pru\u017ei\u0107e posjetiocima priliku da se neposredno upoznaju sa gostima Festivala, saznaju vi\u0161e o njihovom radu i steknu uvid u savremenu strip scenu.<\/p>\n<p style=\"text-align: justify;\">Detaljan program Festivala dostupan je na: <a href=\"https:\/\/stripfestival.me\/\">https:\/\/stripfestival.me\/<\/a><\/p>\n","protected":false},"excerpt":{"rendered":"XX izdanje Hercegnovskog strip festivala (HSF), jedno od najzna\u010dajnijih doga\u0111aja posve\u0107enih devetoj umjetnosti u regionu, odr\u017ea\u0107e se od 4. do 9. septembra 2026. godine. Ambasada Italije podr\u017eava ovaj zna\u010dajan festival jo\u0161 od 2014. godine, doprinose\u0107i tokom godina u\u010de\u0161\u0107u nekih od najzna\u010dajnijih predstavnika italijanske strip scene, me\u0111u kojima su Moreno Burattini, Zerocalcare i Milo Manara, da [&hellip;]","protected":false},"author":8,"featured_media":6062,"comment_status":"closed","ping_status":"closed","sticky":false,"template":"","format":"standard","meta":{"footnotes":""},"tags":[7],"class_list":["post-6067","post","type-post","status-publish","format-standard","has-post-thumbnail","hentry","tag-diplomazia-culturale"],"_links":{"self":[{"href":"https:\/\/ambpodgorica.esteri.it\/me\/wp-json\/wp\/v2\/posts\/6067","targetHints":{"allow":["GET"]}}],"collection":[{"href":"https:\/\/ambpodgorica.esteri.it\/me\/wp-json\/wp\/v2\/posts"}],"about":[{"href":"https:\/\/ambpodgorica.esteri.it\/me\/wp-json\/wp\/v2\/types\/post"}],"author":[{"embeddable":true,"href":"https:\/\/ambpodgorica.esteri.it\/me\/wp-json\/wp\/v2\/users\/8"}],"replies":[{"embeddable":true,"href":"https:\/\/ambpodgorica.esteri.it\/me\/wp-json\/wp\/v2\/comments?post=6067"}],"version-history":[{"count":1,"href":"https:\/\/ambpodgorica.esteri.it\/me\/wp-json\/wp\/v2\/posts\/6067\/revisions"}],"predecessor-version":[{"id":6068,"href":"https:\/\/ambpodgorica.esteri.it\/me\/wp-json\/wp\/v2\/posts\/6067\/revisions\/6068"}],"wp:featuredmedia":[{"embeddable":true,"href":"https:\/\/ambpodgorica.esteri.it\/me\/wp-json\/wp\/v2\/media\/6062"}],"wp:attachment":[{"href":"https:\/\/ambpodgorica.esteri.it\/me\/wp-json\/wp\/v2\/media?parent=6067"}],"wp:term":[{"taxonomy":"post_tag","embeddable":true,"href":"https:\/\/ambpodgorica.esteri.it\/me\/wp-json\/wp\/v2\/tags?post=6067"}],"curies":[{"name":"wp","href":"https:\/\/api.w.org\/{rel}","templated":true}]}}