{"id":6078,"date":"2026-09-04T10:36:19","date_gmt":"2026-09-04T08:36:19","guid":{"rendered":"https:\/\/ambpodgorica.esteri.it\/?p=6078"},"modified":"2026-09-04T10:38:05","modified_gmt":"2026-09-04T08:38:05","slug":"fare-cinema-dvije-veceri-posvecene-italijanskom-filmu-pod-zvijezdama","status":"publish","type":"post","link":"https:\/\/ambpodgorica.esteri.it\/me\/news\/dall_ambasciata\/2026\/09\/fare-cinema-dvije-veceri-posvecene-italijanskom-filmu-pod-zvijezdama\/","title":{"rendered":"FARE CINEMA &#8211; Dvije ve\u010deri posve\u0107ene italijanskom filmu, pod zvijezdama!"},"content":{"rendered":"<p style=\"text-align: justify;\">U okviru tematske manifestacije \u201eFare Cinema\u201c, koju je pokrenulo Ministarstvo vanjskih poslova i me\u0111unarodne saradnje Republike Italije u cilju promovisanja italijanske kinematografije i filmske industrije \u0161irom svijeta, Ambasada Italije u Podgorici, u saradnji sa Italijanskim institutom za kulturu u Beogradu i Sekretarijatom za kulturu Glavnog grada, predstavlja projekciju dva filma najnovije produkcije, koji svjedo\u010de o vitalnosti i bogatstvu savremene italijanske kinematografije.<\/p>\n<p style=\"text-align: justify;\">Inicijativa ima za cilj da crnogorskoj publici pru\u017ei priliku da se susretne sa italijanskom kulturom kroz univerzalni jezik filma, istovremeno isti\u010du\u0107i kreativnost, raznovrsnost tema i kvalitet savremene italijanske filmske produkcije.<\/p>\n<p style=\"text-align: justify;\"><strong>U utorak, 8. septembra, u 21.00h.<\/strong>, bi\u0107e prikazan film \u201e<strong>Anna<\/strong>\u201c (2025) Monike Gveritore (Monica Guerritore) \u2013 posve\u0107en Ani Manjani (Anna Magnani), nezaobilaznoj li\u010dnosti italijanske kinematografije i glumici koja je umjela da sopstvenu autenti\u010dnost pretvori u univerzalan oblik izra\u017eavanja.<\/p>\n<p style=\"text-align: justify;\">Film govori o klju\u010dnom trenutku u \u017eivotu \u017eene koja je istovremeno sna\u017ena i ranjiva, primorane da iznova osmisli sebe upravo onda kada se \u010dini da je ve\u0107 sve postigla. To je putovanje kroz \u017eivot i umjetnost glumice koja je znala da na ekran prenese autenti\u010dnu, nefiltriranu istinu, sve dok nije postala jedno od najprepoznatljivijih lica Italije u svijetu.<\/p>\n<p style=\"text-align: justify;\">Za Italiju, Ana Manjani je mnogo vi\u0161e od velike glumice: ona je simbol nacionalnog identiteta, preporoda jedne zemlje i kinematografije koja je umjela da stvarnost sagleda hrabro, intenzivno i ljudski.<\/p>\n<p style=\"text-align: justify;\">Filmom \u201c<em>Anna<\/em>\u201d, Monika Gueritore kre\u0107e na putovanje kroz sje\u0107anje i kolektivnu imaginaciju, vra\u0107aju\u0107i svjetlost \u017eeni i umjetnici \u010diji glas i danas nastavlja da govori svijetu.<\/p>\n<p style=\"text-align: justify;\"><strong>U srijedu, 9. septembra, u 21.00h.<\/strong>, bi\u0107e prikazan film \u201e<strong>Le cose non dette<\/strong>\u201c (2025) Gabrijele Mu\u0107ina (Gabriele Muccino), koji govori o grupi mladih odraslih ljudi suo\u010denih sa ljubavima, prijateljstvima i porodi\u010dnim odnosima.<\/p>\n<p style=\"text-align: justify;\">U sredi\u0161tu pri\u010de nalaze se osje\u0107anja koja je te\u0161ko izraziti, tajne i istine koje protagonisti radije skrivaju iz straha da ne povrijede druge ili da ne dovedu u pitanje sopstvene odnose. Kako se pri\u010da razvija, tenzije i neizgovorene stvari postepeno izlaze na povr\u0161inu, primoravaju\u0107i likove da se suo\u010de sa svojim izborima i onim \u0161to zaista \u017eele.<\/p>\n<p style=\"text-align: justify;\">Kao i \u010desto u Mu\u0107inovoj kinematografiji, film prikazuje slo\u017eenost ljudskih odnosa, pokazuju\u0107i koliko je te\u0161ko iskreno komunicirati i koliko neizgovorene stvari mogu uticati na budu\u0107nost.<\/p>\n<p style=\"text-align: justify;\">Oba filma, sa titlovima na engleskom jeziku, bi\u0107e prikazana u Njego\u0161evom parku u Podgorici, u okviru manifestacije \u201ePodgori\u010dko kulturno ljeto\u201c, koju organizuje Sekretarijat za kulturu Glavnog grada Podgorice.<\/p>\n","protected":false},"excerpt":{"rendered":"U okviru tematske manifestacije \u201eFare Cinema\u201c, koju je pokrenulo Ministarstvo vanjskih poslova i me\u0111unarodne saradnje Republike Italije u cilju promovisanja italijanske kinematografije i filmske industrije \u0161irom svijeta, Ambasada Italije u Podgorici, u saradnji sa Italijanskim institutom za kulturu u Beogradu i Sekretarijatom za kulturu Glavnog grada, predstavlja projekciju dva filma najnovije produkcije, koji svjedo\u010de o [&hellip;]","protected":false},"author":8,"featured_media":6074,"comment_status":"closed","ping_status":"closed","sticky":false,"template":"","format":"standard","meta":{"footnotes":""},"tags":[],"class_list":["post-6078","post","type-post","status-publish","format-standard","has-post-thumbnail","hentry"],"_links":{"self":[{"href":"https:\/\/ambpodgorica.esteri.it\/me\/wp-json\/wp\/v2\/posts\/6078","targetHints":{"allow":["GET"]}}],"collection":[{"href":"https:\/\/ambpodgorica.esteri.it\/me\/wp-json\/wp\/v2\/posts"}],"about":[{"href":"https:\/\/ambpodgorica.esteri.it\/me\/wp-json\/wp\/v2\/types\/post"}],"author":[{"embeddable":true,"href":"https:\/\/ambpodgorica.esteri.it\/me\/wp-json\/wp\/v2\/users\/8"}],"replies":[{"embeddable":true,"href":"https:\/\/ambpodgorica.esteri.it\/me\/wp-json\/wp\/v2\/comments?post=6078"}],"version-history":[{"count":3,"href":"https:\/\/ambpodgorica.esteri.it\/me\/wp-json\/wp\/v2\/posts\/6078\/revisions"}],"predecessor-version":[{"id":6084,"href":"https:\/\/ambpodgorica.esteri.it\/me\/wp-json\/wp\/v2\/posts\/6078\/revisions\/6084"}],"wp:featuredmedia":[{"embeddable":true,"href":"https:\/\/ambpodgorica.esteri.it\/me\/wp-json\/wp\/v2\/media\/6074"}],"wp:attachment":[{"href":"https:\/\/ambpodgorica.esteri.it\/me\/wp-json\/wp\/v2\/media?parent=6078"}],"wp:term":[{"taxonomy":"post_tag","embeddable":true,"href":"https:\/\/ambpodgorica.esteri.it\/me\/wp-json\/wp\/v2\/tags?post=6078"}],"curies":[{"name":"wp","href":"https:\/\/api.w.org\/{rel}","templated":true}]}}